{"id":481,"count":12,"description":"Im Vergleich zur niederl\u00e4ndischen Malerei, entschieden realistischer, zeichnet sich die fl\u00e4mische Malerei des 17. Jahrhunderts eher durch eine historisch-narrative Berufung aus, die in den verschiedenen Bildgattungen durch einen angenehm dekorativen Stil zum Ausdruck kommt, der nicht nur auf die lokale manieristische Tradition zur\u00fcckzuf\u00fchren ist, sondern auch auf den italienischen Renaissancestil, der von dem gr\u00f6\u00dften fl\u00e4mischen Meister dieser Zeit, Pieter Paul Rubens, assimiliert und hervorragend interpretiert wurde. Das umfangreiche Werk des Meisters umfasst grandiose Zyklen mit sakralen Themen, die im protestantischen Holland schlicht undenkbar waren. Neben ihm hat sich im Besonderen sein Sch\u00fcler Antoon van Dyck vor allem mit seinen pr\u00e4chtigen Portr\u00e4ts von Aristokraten und Herrschern behauptet, die sich in ihrer Ausdruckskraft und \u00dcppigkeit von den n\u00fcchternen und \u201ebraven\u201c Portr\u00e4ts des niederl\u00e4ndischen B\u00fcrgertums unterscheiden. Neben der Historien- und Portr\u00e4tmalerei zeichnet sich die fl\u00e4mische Kunst durch die geschmackvollen Dorfszenen in Landschaften aus, die Jan Bruegehel der \u00c4ltere um die Jahrhundertwende schuf und bis ins 18. Jahrhundert verbreitet und imitiert wurden.","link":"https:\/\/www.poloaldi.it\/de\/?artwork-category=die-flaemische-malerei","name":"Die fl\u00e4mische Malerei","slug":"die-flaemische-malerei","taxonomy":"artwork-category","parent":463,"meta":[],"yoast_head":"<!-- This site is optimized with the Yoast SEO plugin v20.10 - https:\/\/yoast.com\/wordpress\/plugins\/seo\/ -->\n<title>Die fl\u00e4mische Malerei Archivi - Polo Culturale Pietro Aldi<\/title>\n<meta name=\"robots\" content=\"index, follow, max-snippet:-1, max-image-preview:large, max-video-preview:-1\" \/>\n<link rel=\"canonical\" href=\"https:\/\/www.poloaldi.it\/de\/?artwork-category=die-flaemische-malerei\" \/>\n<meta property=\"og:locale\" content=\"de_DE\" \/>\n<meta property=\"og:type\" content=\"article\" \/>\n<meta property=\"og:title\" content=\"Die fl\u00e4mische Malerei Archivi - Polo Culturale Pietro Aldi\" \/>\n<meta property=\"og:description\" content=\"Im Vergleich zur niederl\u00e4ndischen Malerei, entschieden realistischer, zeichnet sich die fl\u00e4mische Malerei des 17. Jahrhunderts eher durch eine historisch-narrative Berufung aus, die in den verschiedenen Bildgattungen durch einen angenehm dekorativen Stil zum Ausdruck kommt, der nicht nur auf die lokale manieristische Tradition zur\u00fcckzuf\u00fchren ist, sondern auch auf den italienischen Renaissancestil, der von dem gr\u00f6\u00dften fl\u00e4mischen Meister dieser Zeit, Pieter Paul Rubens, assimiliert und hervorragend interpretiert wurde. Das umfangreiche Werk des Meisters umfasst grandiose Zyklen mit sakralen Themen, die im protestantischen Holland schlicht undenkbar waren. Neben ihm hat sich im Besonderen sein Sch\u00fcler Antoon van Dyck vor allem mit seinen pr\u00e4chtigen Portr\u00e4ts von Aristokraten und Herrschern behauptet, die sich in ihrer Ausdruckskraft und \u00dcppigkeit von den n\u00fcchternen und \u201ebraven\u201c Portr\u00e4ts des niederl\u00e4ndischen B\u00fcrgertums unterscheiden. Neben der Historien- und Portr\u00e4tmalerei zeichnet sich die fl\u00e4mische Kunst durch die geschmackvollen Dorfszenen in Landschaften aus, die Jan Bruegehel der \u00c4ltere um die Jahrhundertwende schuf und bis ins 18. Jahrhundert verbreitet und imitiert wurden.\" \/>\n<meta property=\"og:url\" content=\"https:\/\/www.poloaldi.it\/de\/?artwork-category=die-flaemische-malerei\" \/>\n<meta property=\"og:site_name\" content=\"Polo Culturale Pietro Aldi\" \/>\n<meta name=\"twitter:card\" content=\"summary_large_image\" \/>\n<meta name=\"twitter:site\" content=\"@polopietroaldi\" \/>\n<script type=\"application\/ld+json\" class=\"yoast-schema-graph\">{\"@context\":\"https:\/\/schema.org\",\"@graph\":[{\"@type\":\"CollectionPage\",\"@id\":\"https:\/\/www.poloaldi.it\/de\/?artwork-category=die-flaemische-malerei\",\"url\":\"https:\/\/www.poloaldi.it\/de\/?artwork-category=die-flaemische-malerei\",\"name\":\"Die fl\u00e4mische Malerei Archivi - Polo Culturale Pietro Aldi\",\"isPartOf\":{\"@id\":\"https:\/\/www.poloaldi.it\/de\/#website\"},\"breadcrumb\":{\"@id\":\"https:\/\/www.poloaldi.it\/de\/?artwork-category=die-flaemische-malerei#breadcrumb\"},\"inLanguage\":\"de\"},{\"@type\":\"BreadcrumbList\",\"@id\":\"https:\/\/www.poloaldi.it\/de\/?artwork-category=die-flaemische-malerei#breadcrumb\",\"itemListElement\":[{\"@type\":\"ListItem\",\"position\":1,\"name\":\"Home\",\"item\":\"https:\/\/www.poloaldi.it\/de\/\"},{\"@type\":\"ListItem\",\"position\":2,\"name\":\"PASSIONI DI UN COLLEZIONISTA Dipinti fiamminghi e olandesi del Cinque e Seicento\",\"item\":\"https:\/\/www.poloaldi.it\/de\/?artwork-category=esposizione-temporanea-de-1\"},{\"@type\":\"ListItem\",\"position\":3,\"name\":\"Die fl\u00e4mische Malerei\"}]},{\"@type\":\"WebSite\",\"@id\":\"https:\/\/www.poloaldi.it\/de\/#website\",\"url\":\"https:\/\/www.poloaldi.it\/de\/\",\"name\":\"Polo Culturale Pietro Aldi\",\"description\":\"Patrimonio storico, culturale, artistico del nostro territorio\",\"publisher\":{\"@id\":\"https:\/\/www.poloaldi.it\/de\/#organization\"},\"potentialAction\":[{\"@type\":\"SearchAction\",\"target\":{\"@type\":\"EntryPoint\",\"urlTemplate\":\"https:\/\/www.poloaldi.it\/de\/?s={search_term_string}\"},\"query-input\":\"required name=search_term_string\"}],\"inLanguage\":\"de\"},{\"@type\":\"Organization\",\"@id\":\"https:\/\/www.poloaldi.it\/de\/#organization\",\"name\":\"Polo Culturale Pietro Aldi\",\"url\":\"https:\/\/www.poloaldi.it\/de\/\",\"logo\":{\"@type\":\"ImageObject\",\"inLanguage\":\"de\",\"@id\":\"https:\/\/www.poloaldi.it\/de\/#\/schema\/logo\/image\/\",\"url\":\"http:\/\/www.poloaldi.it\/wp-content\/uploads\/2017\/04\/logo_pietro_aldi.png\",\"contentUrl\":\"http:\/\/www.poloaldi.it\/wp-content\/uploads\/2017\/04\/logo_pietro_aldi.png\",\"width\":942,\"height\":417,\"caption\":\"Polo Culturale Pietro Aldi\"},\"image\":{\"@id\":\"https:\/\/www.poloaldi.it\/de\/#\/schema\/logo\/image\/\"},\"sameAs\":[\"https:\/\/www.facebook.com\/polopietroaldi\",\"https:\/\/twitter.com\/polopietroaldi\",\"https:\/\/www.instagram.com\/polopietroaldi\/\"]}]}<\/script>\n<!-- \/ Yoast SEO plugin. -->","yoast_head_json":{"title":"Die fl\u00e4mische Malerei Archivi - Polo Culturale Pietro Aldi","robots":{"index":"index","follow":"follow","max-snippet":"max-snippet:-1","max-image-preview":"max-image-preview:large","max-video-preview":"max-video-preview:-1"},"canonical":"https:\/\/www.poloaldi.it\/de\/?artwork-category=die-flaemische-malerei","og_locale":"de_DE","og_type":"article","og_title":"Die fl\u00e4mische Malerei Archivi - Polo Culturale Pietro Aldi","og_description":"Im Vergleich zur niederl\u00e4ndischen Malerei, entschieden realistischer, zeichnet sich die fl\u00e4mische Malerei des 17. Jahrhunderts eher durch eine historisch-narrative Berufung aus, die in den verschiedenen Bildgattungen durch einen angenehm dekorativen Stil zum Ausdruck kommt, der nicht nur auf die lokale manieristische Tradition zur\u00fcckzuf\u00fchren ist, sondern auch auf den italienischen Renaissancestil, der von dem gr\u00f6\u00dften fl\u00e4mischen Meister dieser Zeit, Pieter Paul Rubens, assimiliert und hervorragend interpretiert wurde. Das umfangreiche Werk des Meisters umfasst grandiose Zyklen mit sakralen Themen, die im protestantischen Holland schlicht undenkbar waren. Neben ihm hat sich im Besonderen sein Sch\u00fcler Antoon van Dyck vor allem mit seinen pr\u00e4chtigen Portr\u00e4ts von Aristokraten und Herrschern behauptet, die sich in ihrer Ausdruckskraft und \u00dcppigkeit von den n\u00fcchternen und \u201ebraven\u201c Portr\u00e4ts des niederl\u00e4ndischen B\u00fcrgertums unterscheiden. Neben der Historien- und Portr\u00e4tmalerei zeichnet sich die fl\u00e4mische Kunst durch die geschmackvollen Dorfszenen in Landschaften aus, die Jan Bruegehel der \u00c4ltere um die Jahrhundertwende schuf und bis ins 18. Jahrhundert verbreitet und imitiert wurden.","og_url":"https:\/\/www.poloaldi.it\/de\/?artwork-category=die-flaemische-malerei","og_site_name":"Polo Culturale Pietro Aldi","twitter_card":"summary_large_image","twitter_site":"@polopietroaldi","schema":{"@context":"https:\/\/schema.org","@graph":[{"@type":"CollectionPage","@id":"https:\/\/www.poloaldi.it\/de\/?artwork-category=die-flaemische-malerei","url":"https:\/\/www.poloaldi.it\/de\/?artwork-category=die-flaemische-malerei","name":"Die fl\u00e4mische Malerei Archivi - Polo Culturale Pietro Aldi","isPartOf":{"@id":"https:\/\/www.poloaldi.it\/de\/#website"},"breadcrumb":{"@id":"https:\/\/www.poloaldi.it\/de\/?artwork-category=die-flaemische-malerei#breadcrumb"},"inLanguage":"de"},{"@type":"BreadcrumbList","@id":"https:\/\/www.poloaldi.it\/de\/?artwork-category=die-flaemische-malerei#breadcrumb","itemListElement":[{"@type":"ListItem","position":1,"name":"Home","item":"https:\/\/www.poloaldi.it\/de\/"},{"@type":"ListItem","position":2,"name":"PASSIONI DI UN COLLEZIONISTA Dipinti fiamminghi e olandesi del Cinque e Seicento","item":"https:\/\/www.poloaldi.it\/de\/?artwork-category=esposizione-temporanea-de-1"},{"@type":"ListItem","position":3,"name":"Die fl\u00e4mische Malerei"}]},{"@type":"WebSite","@id":"https:\/\/www.poloaldi.it\/de\/#website","url":"https:\/\/www.poloaldi.it\/de\/","name":"Polo Culturale Pietro Aldi","description":"Patrimonio storico, culturale, artistico del nostro territorio","publisher":{"@id":"https:\/\/www.poloaldi.it\/de\/#organization"},"potentialAction":[{"@type":"SearchAction","target":{"@type":"EntryPoint","urlTemplate":"https:\/\/www.poloaldi.it\/de\/?s={search_term_string}"},"query-input":"required name=search_term_string"}],"inLanguage":"de"},{"@type":"Organization","@id":"https:\/\/www.poloaldi.it\/de\/#organization","name":"Polo Culturale Pietro Aldi","url":"https:\/\/www.poloaldi.it\/de\/","logo":{"@type":"ImageObject","inLanguage":"de","@id":"https:\/\/www.poloaldi.it\/de\/#\/schema\/logo\/image\/","url":"http:\/\/www.poloaldi.it\/wp-content\/uploads\/2017\/04\/logo_pietro_aldi.png","contentUrl":"http:\/\/www.poloaldi.it\/wp-content\/uploads\/2017\/04\/logo_pietro_aldi.png","width":942,"height":417,"caption":"Polo Culturale Pietro Aldi"},"image":{"@id":"https:\/\/www.poloaldi.it\/de\/#\/schema\/logo\/image\/"},"sameAs":["https:\/\/www.facebook.com\/polopietroaldi","https:\/\/twitter.com\/polopietroaldi","https:\/\/www.instagram.com\/polopietroaldi\/"]}]}},"_links":{"self":[{"href":"https:\/\/www.poloaldi.it\/de\/wp-json\/wp\/v2\/artwork-category\/481","targetHints":{"allow":["GET"]}}],"collection":[{"href":"https:\/\/www.poloaldi.it\/de\/wp-json\/wp\/v2\/artwork-category"}],"about":[{"href":"https:\/\/www.poloaldi.it\/de\/wp-json\/wp\/v2\/taxonomies\/artwork-category"}],"up":[{"embeddable":true,"href":"https:\/\/www.poloaldi.it\/de\/wp-json\/wp\/v2\/artwork-category\/463"}],"wp:post_type":[{"href":"https:\/\/www.poloaldi.it\/de\/wp-json\/wp\/v2\/artwork?artwork-category=481"}],"curies":[{"name":"wp","href":"https:\/\/api.w.org\/{rel}","templated":true}]}}