{"id":349,"count":5,"description":"Florenz, 20. Oktober 1908 \u2013 30. November 1992\r\n\r\nNach seinen Studien an der Kunstschule Santa Croce und am Kunstinstitut Porta Romana beginnt Vittorio Granchi eine \u00e4u\u00dferst vielseitige Aktivit\u00e4t: Im Gesch\u00e4ft seines Vaters dekoriert er Holzm\u00f6bel, realisiert Batik-Arbeiten im D\u00e9co-Stil, widmet sich der Staffellei-Malerei und f\u00e4ngt an, zusammen mit Giovanni Tolleri Innenausstattungen und mit dem Architekten Carlo Copped\u00e8 F\u00e4hrschiffe zu dekorieren. Zur gleichen Zeit frequentiert er die freie Akt-Schule an der Accademia, den Zirkel Circolo degli Artisti, das Caf\u00e9 Giubbe Rosse und trifft die K\u00fcnstler Dino Bausi, Ermanno Toschi, Ugo Pignotti und Francesco Pagliazzi.\r\nIm Jahre 1934 wird er von Ugo Procacci an die Werkstatt Gabinetto Restauri della Soprintendenza alle Gallerie di Firenze gerufen, wo seine F\u00e4higkeiten bald gesch\u00e4tzt werden. In den Kriegsjahren verteidigt Vittorio Granchi unerm\u00fcdlich die Kunstsch\u00e4tze aus Florenz und Umgebung. Zugleich h\u00e4lt er die schlimmen Auswirkungen der deutschen Minen im Bereich der Br\u00fccke Ponte Vecchio in tragischen Gem\u00e4lden fest, die er von den Fenstern des Uffizi-Museums aus malte. Nach der \u00dcberschwemmung von 1966 f\u00fchrt Vittorio Granchi zusammen mit Umberto Baldini und anderen Kollegen des Gabinetto Restauri \u201echirurgische\u201c Restaurierungsarbeiten aus, darunter auch die h\u00f6chst delikate Arbeit am Crocifisso von Cimabue. Trotz allem hat er die Staffel-Malerei nie aufgegeben. Seine beliebtesten Motive waren die Maremma und die Amiata-Gegend, die Heimat seiner Frau, wo er bis zu seinem Tod im Jahre 1992 regelm\u00e4\u00dfig seinen Urlaub verbrachte.","link":"https:\/\/www.poloaldi.it\/de\/artwork-artists\/vittorio_granchi-de\/","name":"Vittorio Granchi","slug":"vittorio_granchi-de","taxonomy":"artwork-artists","parent":0,"meta":[],"yoast_head":"<!-- This site is optimized with the Yoast SEO plugin v20.10 - https:\/\/yoast.com\/wordpress\/plugins\/seo\/ -->\n<title>Vittorio Granchi Archivi - Polo Culturale Pietro Aldi<\/title>\n<meta name=\"robots\" content=\"index, follow, max-snippet:-1, max-image-preview:large, max-video-preview:-1\" \/>\n<link rel=\"canonical\" href=\"https:\/\/www.poloaldi.it\/de\/artwork-artists\/vittorio_granchi-de\/\" \/>\n<meta property=\"og:locale\" content=\"de_DE\" \/>\n<meta property=\"og:type\" content=\"article\" \/>\n<meta property=\"og:title\" content=\"Vittorio Granchi Archivi - Polo Culturale Pietro Aldi\" \/>\n<meta property=\"og:description\" content=\"Florenz, 20. Oktober 1908 \u2013 30. November 1992 Nach seinen Studien an der Kunstschule Santa Croce und am Kunstinstitut Porta Romana beginnt Vittorio Granchi eine \u00e4u\u00dferst vielseitige Aktivit\u00e4t: Im Gesch\u00e4ft seines Vaters dekoriert er Holzm\u00f6bel, realisiert Batik-Arbeiten im D\u00e9co-Stil, widmet sich der Staffellei-Malerei und f\u00e4ngt an, zusammen mit Giovanni Tolleri Innenausstattungen und mit dem Architekten Carlo Copped\u00e8 F\u00e4hrschiffe zu dekorieren. Zur gleichen Zeit frequentiert er die freie Akt-Schule an der Accademia, den Zirkel Circolo degli Artisti, das Caf\u00e9 Giubbe Rosse und trifft die K\u00fcnstler Dino Bausi, Ermanno Toschi, Ugo Pignotti und Francesco Pagliazzi. Im Jahre 1934 wird er von Ugo Procacci an die Werkstatt Gabinetto Restauri della Soprintendenza alle Gallerie di Firenze gerufen, wo seine F\u00e4higkeiten bald gesch\u00e4tzt werden. In den Kriegsjahren verteidigt Vittorio Granchi unerm\u00fcdlich die Kunstsch\u00e4tze aus Florenz und Umgebung. Zugleich h\u00e4lt er die schlimmen Auswirkungen der deutschen Minen im Bereich der Br\u00fccke Ponte Vecchio in tragischen Gem\u00e4lden fest, die er von den Fenstern des Uffizi-Museums aus malte. Nach der \u00dcberschwemmung von 1966 f\u00fchrt Vittorio Granchi zusammen mit Umberto Baldini und anderen Kollegen des Gabinetto Restauri \u201echirurgische\u201c Restaurierungsarbeiten aus, darunter auch die h\u00f6chst delikate Arbeit am Crocifisso von Cimabue. Trotz allem hat er die Staffel-Malerei nie aufgegeben. Seine beliebtesten Motive waren die Maremma und die Amiata-Gegend, die Heimat seiner Frau, wo er bis zu seinem Tod im Jahre 1992 regelm\u00e4\u00dfig seinen Urlaub verbrachte.\" \/>\n<meta property=\"og:url\" content=\"https:\/\/www.poloaldi.it\/de\/artwork-artists\/vittorio_granchi-de\/\" \/>\n<meta property=\"og:site_name\" content=\"Polo Culturale Pietro Aldi\" \/>\n<meta name=\"twitter:card\" content=\"summary_large_image\" \/>\n<meta name=\"twitter:site\" content=\"@polopietroaldi\" \/>\n<script type=\"application\/ld+json\" class=\"yoast-schema-graph\">{\"@context\":\"https:\/\/schema.org\",\"@graph\":[{\"@type\":\"CollectionPage\",\"@id\":\"https:\/\/www.poloaldi.it\/de\/artwork-artists\/vittorio_granchi-de\/\",\"url\":\"https:\/\/www.poloaldi.it\/de\/artwork-artists\/vittorio_granchi-de\/\",\"name\":\"Vittorio Granchi Archivi - Polo Culturale Pietro Aldi\",\"isPartOf\":{\"@id\":\"https:\/\/www.poloaldi.it\/de\/#website\"},\"breadcrumb\":{\"@id\":\"https:\/\/www.poloaldi.it\/de\/artwork-artists\/vittorio_granchi-de\/#breadcrumb\"},\"inLanguage\":\"de\"},{\"@type\":\"BreadcrumbList\",\"@id\":\"https:\/\/www.poloaldi.it\/de\/artwork-artists\/vittorio_granchi-de\/#breadcrumb\",\"itemListElement\":[{\"@type\":\"ListItem\",\"position\":1,\"name\":\"Home\",\"item\":\"https:\/\/www.poloaldi.it\/de\/\"},{\"@type\":\"ListItem\",\"position\":2,\"name\":\"Vittorio Granchi\"}]},{\"@type\":\"WebSite\",\"@id\":\"https:\/\/www.poloaldi.it\/de\/#website\",\"url\":\"https:\/\/www.poloaldi.it\/de\/\",\"name\":\"Polo Culturale Pietro Aldi\",\"description\":\"Patrimonio storico, culturale, artistico del nostro territorio\",\"publisher\":{\"@id\":\"https:\/\/www.poloaldi.it\/de\/#organization\"},\"potentialAction\":[{\"@type\":\"SearchAction\",\"target\":{\"@type\":\"EntryPoint\",\"urlTemplate\":\"https:\/\/www.poloaldi.it\/de\/?s={search_term_string}\"},\"query-input\":\"required name=search_term_string\"}],\"inLanguage\":\"de\"},{\"@type\":\"Organization\",\"@id\":\"https:\/\/www.poloaldi.it\/de\/#organization\",\"name\":\"Polo Culturale Pietro Aldi\",\"url\":\"https:\/\/www.poloaldi.it\/de\/\",\"logo\":{\"@type\":\"ImageObject\",\"inLanguage\":\"de\",\"@id\":\"https:\/\/www.poloaldi.it\/de\/#\/schema\/logo\/image\/\",\"url\":\"http:\/\/www.poloaldi.it\/wp-content\/uploads\/2017\/04\/logo_pietro_aldi.png\",\"contentUrl\":\"http:\/\/www.poloaldi.it\/wp-content\/uploads\/2017\/04\/logo_pietro_aldi.png\",\"width\":942,\"height\":417,\"caption\":\"Polo Culturale Pietro Aldi\"},\"image\":{\"@id\":\"https:\/\/www.poloaldi.it\/de\/#\/schema\/logo\/image\/\"},\"sameAs\":[\"https:\/\/www.facebook.com\/polopietroaldi\",\"https:\/\/twitter.com\/polopietroaldi\",\"https:\/\/www.instagram.com\/polopietroaldi\/\"]}]}<\/script>\n<!-- \/ Yoast SEO plugin. -->","yoast_head_json":{"title":"Vittorio Granchi Archivi - Polo Culturale Pietro Aldi","robots":{"index":"index","follow":"follow","max-snippet":"max-snippet:-1","max-image-preview":"max-image-preview:large","max-video-preview":"max-video-preview:-1"},"canonical":"https:\/\/www.poloaldi.it\/de\/artwork-artists\/vittorio_granchi-de\/","og_locale":"de_DE","og_type":"article","og_title":"Vittorio Granchi Archivi - Polo Culturale Pietro Aldi","og_description":"Florenz, 20. Oktober 1908 \u2013 30. November 1992 Nach seinen Studien an der Kunstschule Santa Croce und am Kunstinstitut Porta Romana beginnt Vittorio Granchi eine \u00e4u\u00dferst vielseitige Aktivit\u00e4t: Im Gesch\u00e4ft seines Vaters dekoriert er Holzm\u00f6bel, realisiert Batik-Arbeiten im D\u00e9co-Stil, widmet sich der Staffellei-Malerei und f\u00e4ngt an, zusammen mit Giovanni Tolleri Innenausstattungen und mit dem Architekten Carlo Copped\u00e8 F\u00e4hrschiffe zu dekorieren. Zur gleichen Zeit frequentiert er die freie Akt-Schule an der Accademia, den Zirkel Circolo degli Artisti, das Caf\u00e9 Giubbe Rosse und trifft die K\u00fcnstler Dino Bausi, Ermanno Toschi, Ugo Pignotti und Francesco Pagliazzi. Im Jahre 1934 wird er von Ugo Procacci an die Werkstatt Gabinetto Restauri della Soprintendenza alle Gallerie di Firenze gerufen, wo seine F\u00e4higkeiten bald gesch\u00e4tzt werden. In den Kriegsjahren verteidigt Vittorio Granchi unerm\u00fcdlich die Kunstsch\u00e4tze aus Florenz und Umgebung. Zugleich h\u00e4lt er die schlimmen Auswirkungen der deutschen Minen im Bereich der Br\u00fccke Ponte Vecchio in tragischen Gem\u00e4lden fest, die er von den Fenstern des Uffizi-Museums aus malte. Nach der \u00dcberschwemmung von 1966 f\u00fchrt Vittorio Granchi zusammen mit Umberto Baldini und anderen Kollegen des Gabinetto Restauri \u201echirurgische\u201c Restaurierungsarbeiten aus, darunter auch die h\u00f6chst delikate Arbeit am Crocifisso von Cimabue. Trotz allem hat er die Staffel-Malerei nie aufgegeben. Seine beliebtesten Motive waren die Maremma und die Amiata-Gegend, die Heimat seiner Frau, wo er bis zu seinem Tod im Jahre 1992 regelm\u00e4\u00dfig seinen Urlaub verbrachte.","og_url":"https:\/\/www.poloaldi.it\/de\/artwork-artists\/vittorio_granchi-de\/","og_site_name":"Polo Culturale Pietro Aldi","twitter_card":"summary_large_image","twitter_site":"@polopietroaldi","schema":{"@context":"https:\/\/schema.org","@graph":[{"@type":"CollectionPage","@id":"https:\/\/www.poloaldi.it\/de\/artwork-artists\/vittorio_granchi-de\/","url":"https:\/\/www.poloaldi.it\/de\/artwork-artists\/vittorio_granchi-de\/","name":"Vittorio Granchi Archivi - Polo Culturale Pietro Aldi","isPartOf":{"@id":"https:\/\/www.poloaldi.it\/de\/#website"},"breadcrumb":{"@id":"https:\/\/www.poloaldi.it\/de\/artwork-artists\/vittorio_granchi-de\/#breadcrumb"},"inLanguage":"de"},{"@type":"BreadcrumbList","@id":"https:\/\/www.poloaldi.it\/de\/artwork-artists\/vittorio_granchi-de\/#breadcrumb","itemListElement":[{"@type":"ListItem","position":1,"name":"Home","item":"https:\/\/www.poloaldi.it\/de\/"},{"@type":"ListItem","position":2,"name":"Vittorio Granchi"}]},{"@type":"WebSite","@id":"https:\/\/www.poloaldi.it\/de\/#website","url":"https:\/\/www.poloaldi.it\/de\/","name":"Polo Culturale Pietro Aldi","description":"Patrimonio storico, culturale, artistico del nostro territorio","publisher":{"@id":"https:\/\/www.poloaldi.it\/de\/#organization"},"potentialAction":[{"@type":"SearchAction","target":{"@type":"EntryPoint","urlTemplate":"https:\/\/www.poloaldi.it\/de\/?s={search_term_string}"},"query-input":"required name=search_term_string"}],"inLanguage":"de"},{"@type":"Organization","@id":"https:\/\/www.poloaldi.it\/de\/#organization","name":"Polo Culturale Pietro Aldi","url":"https:\/\/www.poloaldi.it\/de\/","logo":{"@type":"ImageObject","inLanguage":"de","@id":"https:\/\/www.poloaldi.it\/de\/#\/schema\/logo\/image\/","url":"http:\/\/www.poloaldi.it\/wp-content\/uploads\/2017\/04\/logo_pietro_aldi.png","contentUrl":"http:\/\/www.poloaldi.it\/wp-content\/uploads\/2017\/04\/logo_pietro_aldi.png","width":942,"height":417,"caption":"Polo Culturale Pietro Aldi"},"image":{"@id":"https:\/\/www.poloaldi.it\/de\/#\/schema\/logo\/image\/"},"sameAs":["https:\/\/www.facebook.com\/polopietroaldi","https:\/\/twitter.com\/polopietroaldi","https:\/\/www.instagram.com\/polopietroaldi\/"]}]}},"_links":{"self":[{"href":"https:\/\/www.poloaldi.it\/de\/wp-json\/wp\/v2\/artwork-artists\/349","targetHints":{"allow":["GET"]}}],"collection":[{"href":"https:\/\/www.poloaldi.it\/de\/wp-json\/wp\/v2\/artwork-artists"}],"about":[{"href":"https:\/\/www.poloaldi.it\/de\/wp-json\/wp\/v2\/taxonomies\/artwork-artists"}],"wp:post_type":[{"href":"https:\/\/www.poloaldi.it\/de\/wp-json\/wp\/v2\/artwork?artwork-artists=349"}],"curies":[{"name":"wp","href":"https:\/\/api.w.org\/{rel}","templated":true}]}}